{"id":1020,"date":"2022-05-29T10:12:00","date_gmt":"2022-05-29T10:12:00","guid":{"rendered":"https:\/\/gpv-aschheim.de\/?p=1020"},"modified":"2023-12-29T10:14:06","modified_gmt":"2023-12-29T10:14:06","slug":"70-jahre-sv-ligauaugustusbad","status":"publish","type":"post","link":"https:\/\/gpv-aschheim.de\/?p=1020","title":{"rendered":"70 Jahre SV Ligau-Augustusbad"},"content":{"rendered":"\n<p><em><strong>Mai 2022 \u2192<\/strong><\/em> Anl\u00e4sslich des runden Geburtstags von 70 Jahre Fu\u00dfball fuhr eine Delegation nach Liegau-Augustusbad vom 20.-22. Mai 2022. Am Freitagnachmittag wurde zuerst die Bastei und anschlie\u00dfend die Altstadt von Pirna besichtigt.<\/p>\n\n\n\n<!--more-->\n\n\n\n<p><\/p>\n\n\n\n<p>Am Samstag ging es direkt zum Schloss Moritzburg, einst authentischer Drehort des wohl sch\u00f6nsten M\u00e4rchenfilms aller Zeiten \u2013 Aschenbr\u00f6del.<\/p>\n\n\n\n<p>Am Nachmittag \u00fcbergab OB Herr Lemm auch das neue Vereinsheim an den SV Liegau-Augustusbad. Das neue Vereinsheim ist nicht nur f\u00fcr die Fu\u00dfballer vorgesehen, es soll auch dort der Schulsport wieder aktiviert werden.<\/p>\n\n\n\n<p>Als Geschenk hat das Komitee Liegau-Augustusbad 10 Fu\u00dfb\u00e4lle \u00fcberreicht.<\/p>\n\n\n\n<p>Wie immer war die Zeit zu kurz um mit allen sich auszutauschen.<\/p>\n\n\n\n<p><\/p>\n","protected":false},"excerpt":{"rendered":"<p>Mai 2022 \u2192 Anl\u00e4sslich des runden Geburtstags von 70 Jahre Fu\u00dfball fuhr eine Delegation nach Liegau-Augustusbad vom 20.-22. Mai 2022. Am Freitagnachmittag wurde zuerst die Bastei und anschlie\u00dfend die Altstadt von Pirna besichtigt.<\/p>\n","protected":false},"author":1,"featured_media":1021,"comment_status":"closed","ping_status":"closed","sticky":false,"template":"","format":"standard","meta":{"footnotes":""},"categories":[9],"tags":[],"class_list":{"0":"post-1020","1":"post","2":"type-post","3":"status-publish","4":"format-standard","5":"has-post-thumbnail","6":"hentry","7":"category-liegau-augustusbad","9":"post-with-thumbnail","10":"post-with-thumbnail-none"},"_links":{"self":[{"href":"https:\/\/gpv-aschheim.de\/index.php?rest_route=\/wp\/v2\/posts\/1020","targetHints":{"allow":["GET"]}}],"collection":[{"href":"https:\/\/gpv-aschheim.de\/index.php?rest_route=\/wp\/v2\/posts"}],"about":[{"href":"https:\/\/gpv-aschheim.de\/index.php?rest_route=\/wp\/v2\/types\/post"}],"author":[{"embeddable":true,"href":"https:\/\/gpv-aschheim.de\/index.php?rest_route=\/wp\/v2\/users\/1"}],"replies":[{"embeddable":true,"href":"https:\/\/gpv-aschheim.de\/index.php?rest_route=%2Fwp%2Fv2%2Fcomments&post=1020"}],"version-history":[{"count":3,"href":"https:\/\/gpv-aschheim.de\/index.php?rest_route=\/wp\/v2\/posts\/1020\/revisions"}],"predecessor-version":[{"id":1024,"href":"https:\/\/gpv-aschheim.de\/index.php?rest_route=\/wp\/v2\/posts\/1020\/revisions\/1024"}],"wp:featuredmedia":[{"embeddable":true,"href":"https:\/\/gpv-aschheim.de\/index.php?rest_route=\/wp\/v2\/media\/1021"}],"wp:attachment":[{"href":"https:\/\/gpv-aschheim.de\/index.php?rest_route=%2Fwp%2Fv2%2Fmedia&parent=1020"}],"wp:term":[{"taxonomy":"category","embeddable":true,"href":"https:\/\/gpv-aschheim.de\/index.php?rest_route=%2Fwp%2Fv2%2Fcategories&post=1020"},{"taxonomy":"post_tag","embeddable":true,"href":"https:\/\/gpv-aschheim.de\/index.php?rest_route=%2Fwp%2Fv2%2Ftags&post=1020"}],"curies":[{"name":"wp","href":"https:\/\/api.w.org\/{rel}","templated":true}]}}