{"id":1026,"date":"2022-07-29T10:27:00","date_gmt":"2022-07-29T10:27:00","guid":{"rendered":"https:\/\/gpv-aschheim.de\/?p=1026"},"modified":"2023-12-29T10:28:31","modified_gmt":"2023-12-29T10:28:31","slug":"endlich-wieder-ein-fca-turnier","status":"publish","type":"post","link":"https:\/\/gpv-aschheim.de\/?p=1026","title":{"rendered":"Endlich wieder ein FCA-Turnier"},"content":{"rendered":"\n<p><em><strong>Juli 2022 \u2192<\/strong><\/em> Coronabedingt konnten die Fu\u00dfballer vom SV Liegau-Augustusbad erst in diesem Jahr wieder am FCA Jugendturnier teilnehmen. Gegen Mittag am 9. Juli 2022 trafen die Jugendmannschaft, denTrainer, die Eltern sowie der Vorstand vom SV Liegau-Augustusbad ein.<\/p>\n\n\n\n<!--more-->\n\n\n\n<figure class=\"wp-block-image size-full\"><img loading=\"lazy\" decoding=\"async\" width=\"720\" height=\"440\" src=\"https:\/\/gpv-aschheim.de\/wp-content\/uploads\/2023\/12\/FCA_2022.jpg\" alt=\"\" class=\"wp-image-1027\"\/><\/figure>\n\n\n\n<p>Nach dem Mittagessen ging es zum Sportgel\u00e4nde um schon mal die Sportst\u00e4tten zu begutachten. Am Abend wurde gegrillt und dabei die Taktik f\u00fcr das Turnier besprochen. Nach einer ruhigen Nacht ging das Turnier am Sonntag los. Gleich beim ersten Spiel verletzte sich leider ein SV-Spieler. Spontan stellte der FCA einen Spieler f\u00fcr den SV ab. Am Ende wurde ein sechster Platz belegt.<\/p>\n\n\n\n<p><\/p>\n","protected":false},"excerpt":{"rendered":"<p>Juli 2022 \u2192 Coronabedingt konnten die Fu\u00dfballer vom SV Liegau-Augustusbad erst in diesem Jahr wieder am FCA Jugendturnier teilnehmen. Gegen Mittag am 9. Juli 2022 trafen die Jugendmannschaft, denTrainer, die Eltern sowie der Vorstand vom SV Liegau-Augustusbad ein.<\/p>\n","protected":false},"author":1,"featured_media":1027,"comment_status":"closed","ping_status":"closed","sticky":false,"template":"","format":"standard","meta":{"footnotes":""},"categories":[9],"tags":[],"class_list":{"0":"post-1026","1":"post","2":"type-post","3":"status-publish","4":"format-standard","5":"has-post-thumbnail","6":"hentry","7":"category-liegau-augustusbad","9":"post-with-thumbnail","10":"post-with-thumbnail-none"},"_links":{"self":[{"href":"https:\/\/gpv-aschheim.de\/index.php?rest_route=\/wp\/v2\/posts\/1026","targetHints":{"allow":["GET"]}}],"collection":[{"href":"https:\/\/gpv-aschheim.de\/index.php?rest_route=\/wp\/v2\/posts"}],"about":[{"href":"https:\/\/gpv-aschheim.de\/index.php?rest_route=\/wp\/v2\/types\/post"}],"author":[{"embeddable":true,"href":"https:\/\/gpv-aschheim.de\/index.php?rest_route=\/wp\/v2\/users\/1"}],"replies":[{"embeddable":true,"href":"https:\/\/gpv-aschheim.de\/index.php?rest_route=%2Fwp%2Fv2%2Fcomments&post=1026"}],"version-history":[{"count":2,"href":"https:\/\/gpv-aschheim.de\/index.php?rest_route=\/wp\/v2\/posts\/1026\/revisions"}],"predecessor-version":[{"id":1029,"href":"https:\/\/gpv-aschheim.de\/index.php?rest_route=\/wp\/v2\/posts\/1026\/revisions\/1029"}],"wp:featuredmedia":[{"embeddable":true,"href":"https:\/\/gpv-aschheim.de\/index.php?rest_route=\/wp\/v2\/media\/1027"}],"wp:attachment":[{"href":"https:\/\/gpv-aschheim.de\/index.php?rest_route=%2Fwp%2Fv2%2Fmedia&parent=1026"}],"wp:term":[{"taxonomy":"category","embeddable":true,"href":"https:\/\/gpv-aschheim.de\/index.php?rest_route=%2Fwp%2Fv2%2Fcategories&post=1026"},{"taxonomy":"post_tag","embeddable":true,"href":"https:\/\/gpv-aschheim.de\/index.php?rest_route=%2Fwp%2Fv2%2Ftags&post=1026"}],"curies":[{"name":"wp","href":"https:\/\/api.w.org\/{rel}","templated":true}]}}