{"id":1039,"date":"2021-07-30T10:19:00","date_gmt":"2021-07-30T10:19:00","guid":{"rendered":"https:\/\/gpv-aschheim.de\/?p=1039"},"modified":"2023-12-30T10:20:42","modified_gmt":"2023-12-30T10:20:42","slug":"verabschiedung-gabor-kuehnapfel","status":"publish","type":"post","link":"https:\/\/gpv-aschheim.de\/?p=1039","title":{"rendered":"Verabschiedung Gabor K\u00fchnapfel"},"content":{"rendered":"\n<p><em><strong>Juli 2021 \u2192<\/strong><\/em> Als \u00dcberraschungsg\u00e4ste fuhren Herr Achim J\u00e4nsch und Herr Alexander W\u00e4spy am Mittwoch, 21. Juli 2021 nach Liegau-Augustusbad, um den Ortsvorsteher (B\u00fcrgermeister) vom Ortsteil Liegau-Augustusbad der Stadt Radeberg zu verabschieden.<\/p>\n\n\n\n<!--more-->\n\n\n\n<figure class=\"wp-block-image size-full\"><img loading=\"lazy\" decoding=\"async\" width=\"720\" height=\"440\" src=\"https:\/\/gpv-aschheim.de\/wp-content\/uploads\/2023\/12\/Kuehnapfel_Lemm1.jpg\" alt=\"\" class=\"wp-image-1041\"\/><\/figure>\n\n\n\n<p class=\"has-text-align-center\"><em>Ortsvorsteher  Gabor K\u00fchnapfel und Oberb\u00fcrgermeister Gerhard Lemm<\/em><\/p>\n\n\n\n<p> Diese Einladung erfolgte ausdr\u00fccklich auf den Wunsch der Ortschaftsr\u00e4te. Vor der einberufenen Ortschaftsrats- Sitzung gab es ein gemeinsames Abendessen. Es folgten viele Dankesreden u.a. auch vom Oberb\u00fcrgermeister Gerhard Lemm der Stadt Radeberg.<\/p>\n\n\n\n<p>Dank des Einsatzes von Herrn K\u00fchnapfel wurden die Besuche nach Liegau-Augustusbad sowie nach Aschheim in den letzten 10 Jahren immer intensiver.<\/p>\n\n\n\n<p><\/p>\n\n\n\n<figure class=\"wp-block-image size-full\"><img loading=\"lazy\" decoding=\"async\" width=\"720\" height=\"440\" src=\"https:\/\/gpv-aschheim.de\/wp-content\/uploads\/2023\/12\/Kuehnapfel_Alex1.jpg\" alt=\"\" class=\"wp-image-1040\"\/><\/figure>\n\n\n\n<p>Der Komitee-Sprecher Alexander W\u00e4spy \u00fcberreichte neben dem bayerischen Bier eine Kaffeetasse sowie ein Bierkrug mit dem Gemeindepartnerschaftsverein Logo als Erinnerung f\u00fcr die geleistete Arbeit.<\/p>\n\n\n\n<p><\/p>\n","protected":false},"excerpt":{"rendered":"<p>Juli 2021 \u2192 Als \u00dcberraschungsg\u00e4ste fuhren Herr Achim J\u00e4nsch und Herr Alexander W\u00e4spy am Mittwoch, 21. Juli 2021 nach Liegau-Augustusbad, um den Ortsvorsteher (B\u00fcrgermeister) vom Ortsteil Liegau-Augustusbad der Stadt Radeberg zu verabschieden.<\/p>\n","protected":false},"author":1,"featured_media":1040,"comment_status":"closed","ping_status":"closed","sticky":false,"template":"","format":"standard","meta":{"footnotes":""},"categories":[9],"tags":[],"class_list":{"0":"post-1039","1":"post","2":"type-post","3":"status-publish","4":"format-standard","5":"has-post-thumbnail","6":"hentry","7":"category-liegau-augustusbad","9":"post-with-thumbnail","10":"post-with-thumbnail-none"},"_links":{"self":[{"href":"https:\/\/gpv-aschheim.de\/index.php?rest_route=\/wp\/v2\/posts\/1039","targetHints":{"allow":["GET"]}}],"collection":[{"href":"https:\/\/gpv-aschheim.de\/index.php?rest_route=\/wp\/v2\/posts"}],"about":[{"href":"https:\/\/gpv-aschheim.de\/index.php?rest_route=\/wp\/v2\/types\/post"}],"author":[{"embeddable":true,"href":"https:\/\/gpv-aschheim.de\/index.php?rest_route=\/wp\/v2\/users\/1"}],"replies":[{"embeddable":true,"href":"https:\/\/gpv-aschheim.de\/index.php?rest_route=%2Fwp%2Fv2%2Fcomments&post=1039"}],"version-history":[{"count":1,"href":"https:\/\/gpv-aschheim.de\/index.php?rest_route=\/wp\/v2\/posts\/1039\/revisions"}],"predecessor-version":[{"id":1042,"href":"https:\/\/gpv-aschheim.de\/index.php?rest_route=\/wp\/v2\/posts\/1039\/revisions\/1042"}],"wp:featuredmedia":[{"embeddable":true,"href":"https:\/\/gpv-aschheim.de\/index.php?rest_route=\/wp\/v2\/media\/1040"}],"wp:attachment":[{"href":"https:\/\/gpv-aschheim.de\/index.php?rest_route=%2Fwp%2Fv2%2Fmedia&parent=1039"}],"wp:term":[{"taxonomy":"category","embeddable":true,"href":"https:\/\/gpv-aschheim.de\/index.php?rest_route=%2Fwp%2Fv2%2Fcategories&post=1039"},{"taxonomy":"post_tag","embeddable":true,"href":"https:\/\/gpv-aschheim.de\/index.php?rest_route=%2Fwp%2Fv2%2Ftags&post=1039"}],"curies":[{"name":"wp","href":"https:\/\/api.w.org\/{rel}","templated":true}]}}