{"id":1045,"date":"2021-08-30T11:10:00","date_gmt":"2021-08-30T11:10:00","guid":{"rendered":"https:\/\/gpv-aschheim.de\/?p=1045"},"modified":"2023-12-30T11:12:05","modified_gmt":"2023-12-30T11:12:05","slug":"besuch-in-liegau-augustusbad-zum-teichfest-2021","status":"publish","type":"post","link":"https:\/\/gpv-aschheim.de\/?p=1045","title":{"rendered":"Besuch in Liegau-Augustusbad zum Teichfest 2021"},"content":{"rendered":"\n<p><em><strong>August 2021 \u2192<\/strong><\/em> Das Komitee Liegau-Augustusbad hat die erste Reise mit dem neuen GPV-Bus incl. Logo, welcher durch die Gemeinde Aschheim gespendet wurde, durchgef\u00fchrt.<\/p>\n\n\n\n<!--more-->\n\n\n\n<figure class=\"wp-block-image size-full\"><img loading=\"lazy\" decoding=\"async\" width=\"720\" height=\"440\" src=\"https:\/\/gpv-aschheim.de\/wp-content\/uploads\/2023\/12\/Teichfest_2021_12.jpg\" alt=\"\" class=\"wp-image-1049\"\/><\/figure>\n\n\n\n<p class=\"has-text-align-center\"><em>Das Komitee Liegau-Augustusbad pr\u00e4sentiert stolz den neuen Vereinsbus<\/em><\/p>\n\n\n\n<p><\/p>\n\n\n\n<p>Am Samstag 21.08.2021 fuhr eine 4-k\u00f6pfige Delegation nach Sachsen. In Radeberg angekommen ging es dann am Nachmittag zum Stadtfest. Dort trafen wir neben dem noch amtierenden Ortsvorsteher Herrn K\u00fchnapfel auch den Oberb\u00fcrgermeister Gerhard Lemm.<br>Nach einer kurzen Ruhepause im Hotel, ging es am Samstagabend in Liegau-Augustusbad zum Teichfest. Dort trafen wir viele alte Bekannte und Freunde sowie den neuen Ortsvorsteher Herrn Pecherz. Der Abend wurde durch ein Feuerwerk abgerundet.<br>Am Sonntag besichtigten wir zuerst das neue Vereinsheim der Fu\u00dfballer, dann ging es weiter nach Dresden. Gegen Mittag fuhren wir zur\u00fcck nach Aschheim. Wieder eine sch\u00f6nes aber kurzes Wochenende in Sachsen.<\/p>\n\n\n\n<figure class=\"wp-block-image size-full\"><img loading=\"lazy\" decoding=\"async\" width=\"360\" height=\"480\" src=\"https:\/\/gpv-aschheim.de\/wp-content\/uploads\/2023\/12\/Teichfest_2021_23.jpg\" alt=\"\" class=\"wp-image-1050\"\/><\/figure>\n\n\n\n<p><\/p>\n","protected":false},"excerpt":{"rendered":"<p>August 2021 \u2192 Das Komitee Liegau-Augustusbad hat die erste Reise mit dem neuen GPV-Bus incl. Logo, welcher durch die Gemeinde Aschheim gespendet wurde, durchgef\u00fchrt.<\/p>\n","protected":false},"author":1,"featured_media":1050,"comment_status":"closed","ping_status":"closed","sticky":false,"template":"","format":"standard","meta":{"footnotes":""},"categories":[9],"tags":[],"class_list":{"0":"post-1045","1":"post","2":"type-post","3":"status-publish","4":"format-standard","5":"has-post-thumbnail","6":"hentry","7":"category-liegau-augustusbad","9":"post-with-thumbnail","10":"post-with-thumbnail-none"},"_links":{"self":[{"href":"https:\/\/gpv-aschheim.de\/index.php?rest_route=\/wp\/v2\/posts\/1045","targetHints":{"allow":["GET"]}}],"collection":[{"href":"https:\/\/gpv-aschheim.de\/index.php?rest_route=\/wp\/v2\/posts"}],"about":[{"href":"https:\/\/gpv-aschheim.de\/index.php?rest_route=\/wp\/v2\/types\/post"}],"author":[{"embeddable":true,"href":"https:\/\/gpv-aschheim.de\/index.php?rest_route=\/wp\/v2\/users\/1"}],"replies":[{"embeddable":true,"href":"https:\/\/gpv-aschheim.de\/index.php?rest_route=%2Fwp%2Fv2%2Fcomments&post=1045"}],"version-history":[{"count":1,"href":"https:\/\/gpv-aschheim.de\/index.php?rest_route=\/wp\/v2\/posts\/1045\/revisions"}],"predecessor-version":[{"id":1051,"href":"https:\/\/gpv-aschheim.de\/index.php?rest_route=\/wp\/v2\/posts\/1045\/revisions\/1051"}],"wp:featuredmedia":[{"embeddable":true,"href":"https:\/\/gpv-aschheim.de\/index.php?rest_route=\/wp\/v2\/media\/1050"}],"wp:attachment":[{"href":"https:\/\/gpv-aschheim.de\/index.php?rest_route=%2Fwp%2Fv2%2Fmedia&parent=1045"}],"wp:term":[{"taxonomy":"category","embeddable":true,"href":"https:\/\/gpv-aschheim.de\/index.php?rest_route=%2Fwp%2Fv2%2Fcategories&post=1045"},{"taxonomy":"post_tag","embeddable":true,"href":"https:\/\/gpv-aschheim.de\/index.php?rest_route=%2Fwp%2Fv2%2Ftags&post=1045"}],"curies":[{"name":"wp","href":"https:\/\/api.w.org\/{rel}","templated":true}]}}