{"id":1060,"date":"2023-12-31T10:26:30","date_gmt":"2023-12-31T10:26:30","guid":{"rendered":"https:\/\/gpv-aschheim.de\/?p=1060"},"modified":"2024-01-06T15:14:13","modified_gmt":"2024-01-06T15:14:13","slug":"komiteereise-nach-jedovnice-und-kotvrdovice-im-oktober-2023","status":"publish","type":"post","link":"https:\/\/gpv-aschheim.de\/?p=1060","title":{"rendered":"Komiteereise nach Jedovnice und Kotvrdovice im Oktober 2023"},"content":{"rendered":"\n<p><em><strong>Oktober 2023\u2192<\/strong><\/em> Vom 26.10. \u2013 29.10.2023 fand unsere j\u00e4hrliche Komiteereise nach Jedovnice und Kotvrdovice statt.<\/p>\n\n\n\n<!--more-->\n\n\n\n<p><\/p>\n\n\n\n<p>P\u00fcnktlich um 8 Uhr fr\u00fch starteten wir mit 15 Personen Richtung Jedovnice . Nach einem Halt in Pruhonice (Prag) erreichten wir um ca. 17 Uhr unser Hotel Skalni mlyn, wo wir bereits von unseren Freunden aus Jedovnice erwartet wurden. Bei einem guten Abendessen konnten wir das Programm f\u00fcr die n\u00e4chsten Tage besprechen.<\/p>\n\n\n\n<p>Am Freitag ging es nach dem Fr\u00fchst\u00fcck nach Br\u00fcnn um die Geschichte der industriellen Familie L\u00f6w-Beer kennen zu lernen. Nach dem Besuch des Museums in der L\u00f6w-Beer Villa fuhren wir ins Planetarium Br\u00fcnn. Dort erhielten wir einen Einblick in die Beobachtung der Sterne. Es konnten fantastische Bilder von fernen Galaxien bewundert werden. Den Abschluss bildete in einer Projektion die Geschichte unseres Sternenhimmels. Nach dem Mittagessen ging es zur\u00fcck ins Hotel.<br>Am Abend begannen bereits die Feierlichkeiten f\u00fcr den tschechischen Nationalfeiertag, der allj\u00e4hrlich am 28. Oktober stattfindet. So ging es am Abend vom Rathaus in einer Lichterprozession zur B\u00fcste von Tom\u00e1\u0161 Garrigue Masaryk (Staatsgr\u00fcnder Tschechoslowakei). Nach der Ansprache der B\u00fcrgermeisterin wurden wir ins Kulturhaus eingeladen, wo uns von der Musikschule Jedovnice und verschiedenen Vereinen ein abwechslungsreiches Programm geboten wurde. Nach dem Essen konnten wir auch einige Vertreter der Jedovnicer Vereine und Organisationen kennenlernen, um neue Kontakte zu kn\u00fcpfen und alte aufzufrischen. F\u00fcr n\u00e4chstes Jahr wurden dann auch bereits einige Treffen vereinbart.<\/p>\n\n\n\n<figure class=\"wp-block-image size-full\"><img loading=\"lazy\" decoding=\"async\" width=\"360\" height=\"480\" src=\"https:\/\/gpv-aschheim.de\/wp-content\/uploads\/2023\/12\/Kulturabend.jpg\" alt=\"\" class=\"wp-image-1053\"\/><\/figure>\n\n\n\n<p>Am Samstag folgte ein Ausflug zur L\u00f6w-Beer Villa bei Svitavka. Nach dem Mittagessen hatten unsere neuen Komiteemitglieder die M\u00f6glichkeit die Tropfsteinh\u00f6hle Macocha zu besuchen. Nachmittags machten wir uns dann auf den Weg nach Kotvrdovice. Bei einem bunten Abend mit guter Live-Musik und Tanz konnten wir alte und neue Freunde begr\u00fc\u00dfen. Eine Bildershow \u00fcber 23 Jahre Partnerschaft zeigte viele Bilder unserer erfolgreichen Partnerschaft. P\u00fcnktlich um Mitternacht sangen alle unserem Geburtstagskind Alex ein St\u00e4ndchen. Ein langer sch\u00f6ner Abend ging zu Ende.<\/p>\n\n\n\n<p>Am n\u00e4chsten Tag mussten wir von unseren tschechischen Freunden schon wieder Abschied nehmen.<br>Wir freuen uns schon auf die n\u00e4chsten Treffen.<\/p>\n\n\n\n<p><br><\/p>\n","protected":false},"excerpt":{"rendered":"<p>Oktober 2023\u2192 Vom 26.10. \u2013 29.10.2023 fand unsere j\u00e4hrliche Komiteereise nach Jedovnice und Kotvrdovice statt.<\/p>\n","protected":false},"author":1,"featured_media":1052,"comment_status":"closed","ping_status":"closed","sticky":false,"template":"","format":"standard","meta":{"footnotes":""},"categories":[5,8],"tags":[],"class_list":{"0":"post-1060","1":"post","2":"type-post","3":"status-publish","4":"format-standard","5":"has-post-thumbnail","6":"hentry","7":"category-featured","8":"category-jedovnice-kotvrdovice","10":"post-with-thumbnail","11":"post-with-thumbnail-none"},"_links":{"self":[{"href":"https:\/\/gpv-aschheim.de\/index.php?rest_route=\/wp\/v2\/posts\/1060","targetHints":{"allow":["GET"]}}],"collection":[{"href":"https:\/\/gpv-aschheim.de\/index.php?rest_route=\/wp\/v2\/posts"}],"about":[{"href":"https:\/\/gpv-aschheim.de\/index.php?rest_route=\/wp\/v2\/types\/post"}],"author":[{"embeddable":true,"href":"https:\/\/gpv-aschheim.de\/index.php?rest_route=\/wp\/v2\/users\/1"}],"replies":[{"embeddable":true,"href":"https:\/\/gpv-aschheim.de\/index.php?rest_route=%2Fwp%2Fv2%2Fcomments&post=1060"}],"version-history":[{"count":2,"href":"https:\/\/gpv-aschheim.de\/index.php?rest_route=\/wp\/v2\/posts\/1060\/revisions"}],"predecessor-version":[{"id":1063,"href":"https:\/\/gpv-aschheim.de\/index.php?rest_route=\/wp\/v2\/posts\/1060\/revisions\/1063"}],"wp:featuredmedia":[{"embeddable":true,"href":"https:\/\/gpv-aschheim.de\/index.php?rest_route=\/wp\/v2\/media\/1052"}],"wp:attachment":[{"href":"https:\/\/gpv-aschheim.de\/index.php?rest_route=%2Fwp%2Fv2%2Fmedia&parent=1060"}],"wp:term":[{"taxonomy":"category","embeddable":true,"href":"https:\/\/gpv-aschheim.de\/index.php?rest_route=%2Fwp%2Fv2%2Fcategories&post=1060"},{"taxonomy":"post_tag","embeddable":true,"href":"https:\/\/gpv-aschheim.de\/index.php?rest_route=%2Fwp%2Fv2%2Ftags&post=1060"}],"curies":[{"name":"wp","href":"https:\/\/api.w.org\/{rel}","templated":true}]}}