{"id":1069,"date":"2023-06-30T11:07:00","date_gmt":"2023-06-30T11:07:00","guid":{"rendered":"https:\/\/gpv-aschheim.de\/?p=1069"},"modified":"2023-12-31T11:11:09","modified_gmt":"2023-12-31T11:11:09","slug":"artemis-jugendliche-und-23-jahre-gemeindepartnerschaft-mit-lerosartemis","status":"publish","type":"post","link":"https:\/\/gpv-aschheim.de\/?p=1069","title":{"rendered":"\u201eArtemis\u201c-Jugendliche und 23 Jahre Gemeindepartnerschaft mit LerosArtemis"},"content":{"rendered":"\n<p><em><strong>21. &#8211; 28.06.2023 \u2192<\/strong><\/em> Im Juli 2019 war es das letzte Mal, dass Jugendliche des Kulturvereins \u201eArtemis\u201c bei uns in Aschheim zu Besuch waren. Umso mehr hat es uns gefreut, dass nach dieser langen Zeit endlich wieder etwas los war im Partnerschaftshaus und der Ruf \u201epame\u201c (pack ma\u2019s) durchs Haus hallte.<\/p>\n\n\n\n<p>So z.B. als Antonis und Flora, die beiden Betreuer, zum Aufbruch in die St. Emmeram Realschule gerufen haben. Dort fand eine Begegnung mit der 9. Klasse von Herrn Pfab statt. Es ging um gegenseitiges Kennenlernen, Englisch sprechen und nat\u00fcrlich um: Tanzen! F\u00fcr Antonis war es selbstverst\u00e4ndlich kein Problem, den Sch\u00fclern einen typischen Tanz aus Leros beizubringen; z.T. sogar untermalt mit Live-Musik. Herzlichen Dank f\u00fcr diese M\u00f6glichkeit eines kulturellen Aufeinandertreffens an die St. Emmeram Realschule Aschheim.<\/p>\n\n\n\n<p>Um die Aschheimer Jugendlichen kennenzulernen, die im August nach Leros reisen, waren Stockschie\u00dfen (danke Bruno, f\u00fcr deine tatkr\u00e4ftige Unterst\u00fctzung), Aschheim-Rundgang, Hot Dog-und Spaghetti-Essen im Partnerschaftshaus und vor allem das Grillfest am Bodermo-Haus geplant. Die Ann\u00e4herungen verliefen zaghaft, aber beim Tischtennis, Basketball- und Fu\u00dfballspielen im Bodermo-Garten tauten die Jugendlichen langsam auf. Das n\u00e4chste Zusammentreffen findet Anfang August auf Leros statt.<\/p>\n\n\n\n<p>Genau am Tag dieses Grillfests vor 23 Jahren (23.06.2000) war \u00fcbrigens der Vertrag zur Gemeindepartnerschaft auf Leros besiegelt worden. Aus diesem Anlass haben wir die griechischen und Aschheimer Jugendlichen gebeten, sich k\u00fcnstlerisch zu bet\u00e4tigen. Aus den vielen kleinen Bildern wird nun ein gro\u00dfes Gesamtbild entstehen.<\/p>\n\n\n\n<p>Der Ausflug Richtung Berge f\u00fchrte uns dieses Mal nach Bad T\u00f6lz. Auf dem Weg zum 700 m hohen Kalvarienberg st\u00f6hnten die Jugendlichen schon ein bisschen, aber oben wurden sie durch die herrliche Aussicht belohnt. Nach dem Mittagessen bei Lenggries machten wir noch einen kurzen Abstecher \u00fcber die \u00f6sterreichische Grenze, was bei den Jugendlichen gro\u00dfe Begeisterung ausl\u00f6ste. Einige von ihnen waren noch nie au\u00dferhalb Griechenlands gewesen und nun waren sie nicht nur in Deutschland, sondern auch noch in \u00d6sterreich&#8230;!<\/p>\n\n\n\n<p>Neben einem M\u00fcnchen-Besuch, der BMW-Welt und der Therme Erding, war die \u201eArtemis\u201c-Gruppe auch eigenst\u00e4ndig am K\u00f6nigsplatz und dem Tollwood-Festival unterwegs.<\/p>\n\n\n\n<p>Ein Highlight war am Samstag der Auftritt der \u201eArtemis\u201c-Jugendgruppe auf dem Sommerfest der Freiwilligen Feuerwehr Dornach. Mit ihren orange-farbenen T-Shirts haben sich die Jugendlichen perfekt an die Feuerwehrautos und den sch\u00f6nen Sonnenuntergang in Dornach angepasst.<br><br>Von Mittwoch 08:40 Uhr (Abflug M\u00fcnchen) bis Donnerstag 03:30 Uhr (Ankunft auf Leros) hat es gedauert, bis die Jugendlichen wieder gut zuhause angekommen sind.<\/p>\n","protected":false},"excerpt":{"rendered":"<p>21. &#8211; 28.06.2023 \u2192 Im Juli 2019 war es das letzte Mal, dass Jugendliche des Kulturvereins \u201eArtemis\u201c bei uns in Aschheim zu Besuch waren. Umso mehr hat es uns gefreut, dass nach dieser langen Zeit endlich wieder etwas los war im Partnerschaftshaus und der Ruf \u201epame\u201c (pack ma\u2019s) durchs Haus hallte. So z.B. als Antonis [&hellip;]<\/p>\n","protected":false},"author":1,"featured_media":1064,"comment_status":"closed","ping_status":"closed","sticky":false,"template":"","format":"standard","meta":{"footnotes":""},"categories":[7],"tags":[],"class_list":{"0":"post-1069","1":"post","2":"type-post","3":"status-publish","4":"format-standard","5":"has-post-thumbnail","6":"hentry","7":"category-leros","9":"post-with-thumbnail","10":"post-with-thumbnail-none"},"_links":{"self":[{"href":"https:\/\/gpv-aschheim.de\/index.php?rest_route=\/wp\/v2\/posts\/1069","targetHints":{"allow":["GET"]}}],"collection":[{"href":"https:\/\/gpv-aschheim.de\/index.php?rest_route=\/wp\/v2\/posts"}],"about":[{"href":"https:\/\/gpv-aschheim.de\/index.php?rest_route=\/wp\/v2\/types\/post"}],"author":[{"embeddable":true,"href":"https:\/\/gpv-aschheim.de\/index.php?rest_route=\/wp\/v2\/users\/1"}],"replies":[{"embeddable":true,"href":"https:\/\/gpv-aschheim.de\/index.php?rest_route=%2Fwp%2Fv2%2Fcomments&post=1069"}],"version-history":[{"count":1,"href":"https:\/\/gpv-aschheim.de\/index.php?rest_route=\/wp\/v2\/posts\/1069\/revisions"}],"predecessor-version":[{"id":1070,"href":"https:\/\/gpv-aschheim.de\/index.php?rest_route=\/wp\/v2\/posts\/1069\/revisions\/1070"}],"wp:featuredmedia":[{"embeddable":true,"href":"https:\/\/gpv-aschheim.de\/index.php?rest_route=\/wp\/v2\/media\/1064"}],"wp:attachment":[{"href":"https:\/\/gpv-aschheim.de\/index.php?rest_route=%2Fwp%2Fv2%2Fmedia&parent=1069"}],"wp:term":[{"taxonomy":"category","embeddable":true,"href":"https:\/\/gpv-aschheim.de\/index.php?rest_route=%2Fwp%2Fv2%2Fcategories&post=1069"},{"taxonomy":"post_tag","embeddable":true,"href":"https:\/\/gpv-aschheim.de\/index.php?rest_route=%2Fwp%2Fv2%2Ftags&post=1069"}],"curies":[{"name":"wp","href":"https:\/\/api.w.org\/{rel}","templated":true}]}}