{"id":1100,"date":"2023-09-10T12:20:00","date_gmt":"2023-09-10T12:20:00","guid":{"rendered":"https:\/\/gpv-aschheim.de\/?p=1100"},"modified":"2024-01-06T15:14:44","modified_gmt":"2024-01-06T15:14:44","slug":"komiteereise-2023-nach-leros","status":"publish","type":"post","link":"https:\/\/gpv-aschheim.de\/?p=1100","title":{"rendered":"Komiteereise 2023 nach Leros"},"content":{"rendered":"\n<p><em><strong>29.08. &#8211; 05.09.2023 \u2192<\/strong><\/em> Wir waren wieder mal \u00fcberw\u00e4ltigt von der Gastfreundschaft und Herzlichkeit der Inselbewohner!<\/p>\n\n\n\n<ul class=\"wp-block-list\">\n<li>Wenn man im Meer schwimmend pl\u00f6tzlich ein bekanntes Gesicht im Wasser sieht&#8230;<\/li>\n\n\n\n<li>Wenn man auf der F\u00e4hre angegrinst wird und einem \u201eAschheim, Aschheim\u201c zugerufen wird&#8230;<\/li>\n\n\n\n<li>Wenn der junge Fr\u00fchst\u00fcckskellner im Hotel l\u00e4chelnd neben einem steht und sagt, wie sch\u00f6n sein Aufenthalt in Aschheim war&#8230;<\/li>\n\n\n\n<li>Wenn man sich einen Olivenhain anschaut und die junge F\u00fchrerin pl\u00f6tzlich anf\u00e4ngt zu erz\u00e4hlen, wie gro\u00dfartig 2017 der gemeinsame Ausflug war&#8230;<\/li>\n\n\n\n<li>Wenn man in einem Caf\u00e9 sitzt und eine junge Frau auf einen zukommt und sagt: \u201eKennst du mich? Ich war mal beim \u201efamily day\u201c bei euch zuhause.\u201c&#8230;<\/li>\n\n\n\n<li>Wenn das passiert, dann wei\u00df man: man ist auf Leros!<\/li>\n<\/ul>\n\n\n\n<p>So ist es uns Komitee-Mitgliedern ergangen, als wir jetzt nach vielen Jahren endlich eine Komiteereise nach Leros unternommen haben.<br>Wen haben wir alles getroffen: Altb\u00fcrgermeister Antartis, Fam. Karanikola vom Hotel Marilen, Metropolit Paisios und Bischof Kattes, Carolina und Nikitas von der \u201eCaserma of herbs\u201c, Franko diPierro (Historiker), Kostas Antonopoulos (Vorsitzender des Tennisvereins Iones), gesamter Vorstand des Basketballvereins \u201ePanionios\u201c, \u201eFrauen ohne Grenzen\u201c, Fam. Elenis vom Weingut \u201eElaiorama\u201c, B\u00fcrgermeister Kolias und Billis, Mitglieder der Rathausverwaltung, Mitglieder von \u201eArtemis\u201c, diverse Einzelpersonen, darunter per Zufall auch einige Jugendliche, die beim Jugendaustausch hier in Aschheim waren, und nat\u00fcrlich Antonis und Roula Ntallaris. H\u00f6hepunkt war dann die Teilnahme am traditionellen Zacharias-Fest als Ehreng\u00e4ste,<\/p>\n\n\n\n<p>Es war f\u00fcr uns alle eine wundersch\u00f6ne Zeit! Efcharisto, Leros!<\/p>\n","protected":false},"excerpt":{"rendered":"<p>29.08. &#8211; 05.09.2023 \u2192 Wir waren wieder mal \u00fcberw\u00e4ltigt von der Gastfreundschaft und Herzlichkeit der Inselbewohner! So ist es uns Komitee-Mitgliedern ergangen, als wir jetzt nach vielen Jahren endlich eine Komiteereise nach Leros unternommen haben.Wen haben wir alles getroffen: Altb\u00fcrgermeister Antartis, Fam. Karanikola vom Hotel Marilen, Metropolit Paisios und Bischof Kattes, Carolina und Nikitas von [&hellip;]<\/p>\n","protected":false},"author":1,"featured_media":1102,"comment_status":"closed","ping_status":"closed","sticky":false,"template":"","format":"standard","meta":{"footnotes":""},"categories":[5,7],"tags":[],"class_list":{"0":"post-1100","1":"post","2":"type-post","3":"status-publish","4":"format-standard","5":"has-post-thumbnail","6":"hentry","7":"category-featured","8":"category-leros","10":"post-with-thumbnail","11":"post-with-thumbnail-none"},"_links":{"self":[{"href":"https:\/\/gpv-aschheim.de\/index.php?rest_route=\/wp\/v2\/posts\/1100","targetHints":{"allow":["GET"]}}],"collection":[{"href":"https:\/\/gpv-aschheim.de\/index.php?rest_route=\/wp\/v2\/posts"}],"about":[{"href":"https:\/\/gpv-aschheim.de\/index.php?rest_route=\/wp\/v2\/types\/post"}],"author":[{"embeddable":true,"href":"https:\/\/gpv-aschheim.de\/index.php?rest_route=\/wp\/v2\/users\/1"}],"replies":[{"embeddable":true,"href":"https:\/\/gpv-aschheim.de\/index.php?rest_route=%2Fwp%2Fv2%2Fcomments&post=1100"}],"version-history":[{"count":1,"href":"https:\/\/gpv-aschheim.de\/index.php?rest_route=\/wp\/v2\/posts\/1100\/revisions"}],"predecessor-version":[{"id":1101,"href":"https:\/\/gpv-aschheim.de\/index.php?rest_route=\/wp\/v2\/posts\/1100\/revisions\/1101"}],"wp:featuredmedia":[{"embeddable":true,"href":"https:\/\/gpv-aschheim.de\/index.php?rest_route=\/wp\/v2\/media\/1102"}],"wp:attachment":[{"href":"https:\/\/gpv-aschheim.de\/index.php?rest_route=%2Fwp%2Fv2%2Fmedia&parent=1100"}],"wp:term":[{"taxonomy":"category","embeddable":true,"href":"https:\/\/gpv-aschheim.de\/index.php?rest_route=%2Fwp%2Fv2%2Fcategories&post=1100"},{"taxonomy":"post_tag","embeddable":true,"href":"https:\/\/gpv-aschheim.de\/index.php?rest_route=%2Fwp%2Fv2%2Ftags&post=1100"}],"curies":[{"name":"wp","href":"https:\/\/api.w.org\/{rel}","templated":true}]}}