{"id":496,"date":"2022-11-24T06:22:00","date_gmt":"2022-11-24T06:22:00","guid":{"rendered":"https:\/\/gpv-aschheim.de\/?p=496"},"modified":"2023-12-31T10:59:36","modified_gmt":"2023-12-31T10:59:36","slug":"leros-bekommt-ein-dornacher-feuerwehrauto-2","status":"publish","type":"post","link":"https:\/\/gpv-aschheim.de\/?p=496","title":{"rendered":"Leros bekommt ein Dornacher Feuerwehrauto!"},"content":{"rendered":"<p><em><strong>30.10. &#8211; 05.11.2022 \u2192<\/strong><\/em> Kurzfristig haben wir vom Besuch zweier Leroten, Michalis und Manolis, erfahren, die gekommen waren, um das der Gemeinde Leros gespendete Feuerwehrauto \u201eFlorian Dornach 40\/2\u201c abzuholen. Die Besucher wurden von der Gemeinde Aschheim und<br \/>\n<!--more--><\/p>\n<p>der Dornacher Feuerwehr betreut. Aber wir haben nat\u00fcrlich auch noch schnell etwasorganisiert und uns mit den Beiden getroffen: gemeinsames Abendessen im Schaffler-Wirt und Besuch der \u201eMotor World\u201c, von der die beiden M\u00e4nner nat\u00fcrlich sehr begeistert waren.<\/p>\n<p>Am 05.11.22 haben Michalis, Manolis und ihr LF16 dann die lange Reise nach Leros angetreten: Dornach &#8211; Ancona &#8211; mit der F\u00e4hre nach Patras &#8211; Pir\u00e4us &#8211; mit der F\u00e4hre nach Leros. In der Nacht von Dienstag auf Mittwoch (8.11. Mitternacht) sind sie wohlbehalten auf Leros angekommen!<\/p>\n<p>Bgm. Kolias bedankte sich herzlich bei der Gemeinde Aschheim. Er w\u00fcnscht, das Fahrzeug m\u00fcsse nie eingesetzt werden, aber wenn n\u00f6tig, rette es Leben, Eigentum und Waldbest\u00e4nde. Abschlie\u00dfend best\u00e4tigte er, dass sich die St\u00e4dtepartnerschaft der Gemeinden Leros und Aschheim im Laufe der Zeit unter aktiver Beteiligung der B\u00fcrger von Leros und Aschheim weiter entwickelt habe, wobei der Schwerpunkt auf der Entwicklung enger Beziehungen zwischen allen B\u00fcrgern, insbesondere aber der jungen Menschen liege, deshalb gebe es auch Kontinuit\u00e4t.<\/p>\n","protected":false},"excerpt":{"rendered":"<p>30.10. &#8211; 05.11.2022 \u2192 Kurzfristig haben wir vom Besuch zweier Leroten, Michalis und Manolis, erfahren, die gekommen waren, um das der Gemeinde Leros gespendete Feuerwehrauto \u201eFlorian Dornach 40\/2\u201c abzuholen. Die Besucher wurden von der Gemeinde Aschheim und<\/p>\n","protected":false},"author":1,"featured_media":1013,"comment_status":"closed","ping_status":"closed","sticky":false,"template":"","format":"standard","meta":{"footnotes":""},"categories":[7],"tags":[],"class_list":{"0":"post-496","1":"post","2":"type-post","3":"status-publish","4":"format-standard","5":"has-post-thumbnail","6":"hentry","7":"category-leros","9":"post-with-thumbnail","10":"post-with-thumbnail-none"},"_links":{"self":[{"href":"https:\/\/gpv-aschheim.de\/index.php?rest_route=\/wp\/v2\/posts\/496","targetHints":{"allow":["GET"]}}],"collection":[{"href":"https:\/\/gpv-aschheim.de\/index.php?rest_route=\/wp\/v2\/posts"}],"about":[{"href":"https:\/\/gpv-aschheim.de\/index.php?rest_route=\/wp\/v2\/types\/post"}],"author":[{"embeddable":true,"href":"https:\/\/gpv-aschheim.de\/index.php?rest_route=\/wp\/v2\/users\/1"}],"replies":[{"embeddable":true,"href":"https:\/\/gpv-aschheim.de\/index.php?rest_route=%2Fwp%2Fv2%2Fcomments&post=496"}],"version-history":[{"count":6,"href":"https:\/\/gpv-aschheim.de\/index.php?rest_route=\/wp\/v2\/posts\/496\/revisions"}],"predecessor-version":[{"id":661,"href":"https:\/\/gpv-aschheim.de\/index.php?rest_route=\/wp\/v2\/posts\/496\/revisions\/661"}],"wp:featuredmedia":[{"embeddable":true,"href":"https:\/\/gpv-aschheim.de\/index.php?rest_route=\/wp\/v2\/media\/1013"}],"wp:attachment":[{"href":"https:\/\/gpv-aschheim.de\/index.php?rest_route=%2Fwp%2Fv2%2Fmedia&parent=496"}],"wp:term":[{"taxonomy":"category","embeddable":true,"href":"https:\/\/gpv-aschheim.de\/index.php?rest_route=%2Fwp%2Fv2%2Fcategories&post=496"},{"taxonomy":"post_tag","embeddable":true,"href":"https:\/\/gpv-aschheim.de\/index.php?rest_route=%2Fwp%2Fv2%2Ftags&post=496"}],"curies":[{"name":"wp","href":"https:\/\/api.w.org\/{rel}","templated":true}]}}