{"id":710,"date":"2023-08-06T12:23:14","date_gmt":"2023-08-06T12:23:14","guid":{"rendered":"https:\/\/gpv-aschheim.de\/?p=710"},"modified":"2023-08-06T13:00:05","modified_gmt":"2023-08-06T13:00:05","slug":"maibaumaufstellungen-in-aschheim-und-dornach","status":"publish","type":"post","link":"https:\/\/gpv-aschheim.de\/?p=710","title":{"rendered":"Maibaumaufstellungen in Aschheim und Dornach"},"content":{"rendered":"\n<p><em><strong>Mai 2023 \u2192<\/strong><\/em> Die Maibaumaufstellung ist immer ein besonderes Highlight f\u00fcr unserer Freunde aus den Partnergemeinden und so durften wir dieses Jahr gleich zwei Gruppen aus Jedovnice und Kotvrdovice zu den Maibaumaufstellungen in Aschheim und Dornach begr\u00fc\u00dfen.<\/p>\n\n\n\n<!--more-->\n\n\n\n<p>Es waren fast nur neue Gesichter, denn seit den Wahlen im letzten Herbst hat Jedovnice eine neue B\u00fcrgermeisterin und Kotvrdovice einen neuen B\u00fcrgermeister. Au\u00dferdem gibt es noch eine neue Komiteevorsitzende. Alle waren zum ersten Mal in Aschheim und nat\u00fcrlich sehr gespannt, was sie hier erwartet.<\/p>\n\n\n\n<p>Die erste Gruppe mit den 2 B\u00fcrgermeistern kam zum Aschheimer Maibaum. Nach ihrer Ankunft am Samstagnachmittag machten wir eine Rundfahrt durch Aschheim und Dornach. Nicht fehlen durfte hier der Aschheimer Maibaum, der am Feuerwehr\u00fcbungsplatz bereits fertig hergerichtet auf seinen gro\u00dfen Tag am 1. Mai wartete. Abends gab es im G\u00e4stehaus, zusammen mit den anderen G\u00e4sten aus Mougins und Liegau-Augustusbad einen Grillabend. Zusammen mit den Aschheimer Komiteemitgliedern tummelten sich an diesem Abend wieder einmal fast 80 Personen am Partnerschaftshaus. Ein herzlicher Dank geht hier an die Gemeinde Aschheim, die das Haus wieder so sch\u00f6n hergerichtet hat. Es zeigte sich wieder einmal, dass es f\u00fcr die Partnerschaften unverzichtbar ist.<\/p>\n\n\n\n<p>Am Sonntag besuchten wir die M\u00fcnchner Innenstadt und abends gab es im Sportheim wiederum ein gemeinsames Abendessen f\u00fcr alle G\u00e4ste zusammen. Es wurden gegenseitige Einladungen ausgesprochen und wir w\u00fcrden uns sehr freuen, wenn gegenseitige Besuche unter unseren Partnergemeinden tats\u00e4chlich zustande kommen w\u00fcrden.<\/p>\n\n\n<div class=\"wp-block-image\">\n<figure class=\"alignleft size-full is-resized\"><img loading=\"lazy\" decoding=\"async\" src=\"https:\/\/gpv-aschheim.de\/wp-content\/uploads\/2023\/08\/bild2-720x440-1.jpg\" alt=\"\" class=\"wp-image-713\" width=\"720\" height=\"440\"\/><\/figure>\n<\/div>\n\n\n<p><br><\/p>\n\n\n\n<p>Am sp\u00e4ten Nachmittag wartete das n\u00e4chste Event, das Sommerfest unseres Burschenvereins am Marktplatz. Bis sp\u00e4t in den Abend konnten wurde gefeiert und viele Kontakte gekn\u00fcpft.<br>Am Sonntag hie\u00df es dann wieder schon Abschied nehmen. F\u00fcr n\u00e4chstes Jahr haben wir bereits eine Einladung zum HolyFest in Kotvrdovice. Dieses Wochenende hat zum Gl\u00fcck gezeigt, dass zwei Jahre Corona-Pause der Partnerschaft und den bestehenden Freundschaften nicht geschadet hat. Wir freuen uns auf weitere Begegnungen.<\/p>\n","protected":false},"excerpt":{"rendered":"<p>Mai 2023 \u2192 Die Maibaumaufstellung ist immer ein besonderes Highlight f\u00fcr unserer Freunde aus den Partnergemeinden und so durften wir dieses Jahr gleich zwei Gruppen aus Jedovnice und Kotvrdovice zu den Maibaumaufstellungen in Aschheim und Dornach begr\u00fc\u00dfen.<\/p>\n","protected":false},"author":1,"featured_media":712,"comment_status":"closed","ping_status":"closed","sticky":false,"template":"","format":"standard","meta":{"footnotes":""},"categories":[5,8],"tags":[],"class_list":{"0":"post-710","1":"post","2":"type-post","3":"status-publish","4":"format-standard","5":"has-post-thumbnail","6":"hentry","7":"category-featured","8":"category-jedovnice-kotvrdovice","10":"post-with-thumbnail","11":"post-with-thumbnail-none"},"_links":{"self":[{"href":"https:\/\/gpv-aschheim.de\/index.php?rest_route=\/wp\/v2\/posts\/710","targetHints":{"allow":["GET"]}}],"collection":[{"href":"https:\/\/gpv-aschheim.de\/index.php?rest_route=\/wp\/v2\/posts"}],"about":[{"href":"https:\/\/gpv-aschheim.de\/index.php?rest_route=\/wp\/v2\/types\/post"}],"author":[{"embeddable":true,"href":"https:\/\/gpv-aschheim.de\/index.php?rest_route=\/wp\/v2\/users\/1"}],"replies":[{"embeddable":true,"href":"https:\/\/gpv-aschheim.de\/index.php?rest_route=%2Fwp%2Fv2%2Fcomments&post=710"}],"version-history":[{"count":8,"href":"https:\/\/gpv-aschheim.de\/index.php?rest_route=\/wp\/v2\/posts\/710\/revisions"}],"predecessor-version":[{"id":725,"href":"https:\/\/gpv-aschheim.de\/index.php?rest_route=\/wp\/v2\/posts\/710\/revisions\/725"}],"wp:featuredmedia":[{"embeddable":true,"href":"https:\/\/gpv-aschheim.de\/index.php?rest_route=\/wp\/v2\/media\/712"}],"wp:attachment":[{"href":"https:\/\/gpv-aschheim.de\/index.php?rest_route=%2Fwp%2Fv2%2Fmedia&parent=710"}],"wp:term":[{"taxonomy":"category","embeddable":true,"href":"https:\/\/gpv-aschheim.de\/index.php?rest_route=%2Fwp%2Fv2%2Fcategories&post=710"},{"taxonomy":"post_tag","embeddable":true,"href":"https:\/\/gpv-aschheim.de\/index.php?rest_route=%2Fwp%2Fv2%2Ftags&post=710"}],"curies":[{"name":"wp","href":"https:\/\/api.w.org\/{rel}","templated":true}]}}