{"id":746,"date":"2023-08-06T13:47:54","date_gmt":"2023-08-06T13:47:54","guid":{"rendered":"https:\/\/gpv-aschheim.de\/?p=746"},"modified":"2023-08-06T14:16:01","modified_gmt":"2023-08-06T14:16:01","slug":"fussballfreundschaft-fc-aschheim-und-sv-liegau-augustusbad-im-dritten-jahrzehnt","status":"publish","type":"post","link":"https:\/\/gpv-aschheim.de\/?p=746","title":{"rendered":"Fu\u00dfballfreundschaft FC Aschheim und SV Liegau-Augustusbad im dritten Jahrzehnt &#8211; E-Jugend nimmt am Turnier in Aschheim teil."},"content":{"rendered":"\n<p><em><strong>Juli 2023 \u2192<\/strong><\/em> Am Wochenende, vom 07. bis 09. Juli 2023, stand f\u00fcr E-Jugend die Fahrt zum Sommerturnier des FC Aschheim an. Voller Erwartung kam der Liegauer Tross, trotz der zu erwartenden <\/p>\n\n\n\n<!--more-->\n\n\n\n<p>Verkehrsprobleme des ersten Ferienwochenendes, am fr\u00fchen Freitagabend mit Spielern, Trainern sowie Betreuern, wohlbehalten in Aschheim an.<\/p>\n\n\n\n<p>Nach einer kurzen Nacht, galt es am Samstagvormittag die Farben des SV Liegau-Augustusbad beim Turnier der U11-Mannschaften w\u00fcrdig zu vertreten. Mit einem guten 4. Platz im Feld der teilnehmenden Mannschaften \u2013 SpVgg Thalkirchen, FC Aschheim, SV Gartenstadt Trudering, SV DJK Taufkirchen und dem SV Dornach \u2013 waren die Spieler und Trainer zufrieden und \u00fcberreichten dem Gastgeber einen f\u00fcr die Fu\u00dfballfreundschaft zwischen Aschheim und Liegau kreierten Schal. Bei den Aschheimer Freunden erweckte dies gro\u00dfe Begeisterung.<\/p>\n\n\n\n<figure class=\"wp-block-image size-full\"><img loading=\"lazy\" decoding=\"async\" width=\"720\" height=\"84\" src=\"https:\/\/gpv-aschheim.de\/wp-content\/uploads\/2023\/08\/Bayrisch-saechsische-Fussballfrendschaft-720.jpg\" alt=\"\" class=\"wp-image-749\"\/><\/figure>\n\n\n\n<p>Nach dem Turnier besuchte die E-Jugend die Allianzarena des FC Bayern M\u00fcnchen. Dies wird wohl f\u00fcr alle ein unvergessliches Erlebnis bleiben.<\/p>\n\n\n\n<p>Am Samstagabend wurde gegrillt. Da auch eine franz\u00f6sische M\u00e4dchenmannschaft aus Mougins beim FCA Turnier teilnahm, fand ein reger Austausch zwichen den Trainern und Betreuern statt.<\/p>\n\n\n\n<p>Mit den gewonnenen Eindr\u00fccken trat man die Heimreise am Sonntagvormittag an.<\/p>\n\n\n\n<p>Die Liegauer freuen sich bereits jetzt auf ein Wiedesehen zum Hallencup im Jan\u00faar 2024 in Radeberg.<\/p>\n","protected":false},"excerpt":{"rendered":"<p>Juli 2023 \u2192 Am Wochenende, vom 07. bis 09. Juli 2023, stand f\u00fcr E-Jugend die Fahrt zum Sommerturnier des FC Aschheim an. Voller Erwartung kam der Liegauer Tross, trotz der zu erwartenden<\/p>\n","protected":false},"author":1,"featured_media":750,"comment_status":"closed","ping_status":"closed","sticky":false,"template":"","format":"standard","meta":{"footnotes":""},"categories":[5,9],"tags":[],"class_list":{"0":"post-746","1":"post","2":"type-post","3":"status-publish","4":"format-standard","5":"has-post-thumbnail","6":"hentry","7":"category-featured","8":"category-liegau-augustusbad","10":"post-with-thumbnail","11":"post-with-thumbnail-none"},"_links":{"self":[{"href":"https:\/\/gpv-aschheim.de\/index.php?rest_route=\/wp\/v2\/posts\/746","targetHints":{"allow":["GET"]}}],"collection":[{"href":"https:\/\/gpv-aschheim.de\/index.php?rest_route=\/wp\/v2\/posts"}],"about":[{"href":"https:\/\/gpv-aschheim.de\/index.php?rest_route=\/wp\/v2\/types\/post"}],"author":[{"embeddable":true,"href":"https:\/\/gpv-aschheim.de\/index.php?rest_route=\/wp\/v2\/users\/1"}],"replies":[{"embeddable":true,"href":"https:\/\/gpv-aschheim.de\/index.php?rest_route=%2Fwp%2Fv2%2Fcomments&post=746"}],"version-history":[{"count":8,"href":"https:\/\/gpv-aschheim.de\/index.php?rest_route=\/wp\/v2\/posts\/746\/revisions"}],"predecessor-version":[{"id":765,"href":"https:\/\/gpv-aschheim.de\/index.php?rest_route=\/wp\/v2\/posts\/746\/revisions\/765"}],"wp:featuredmedia":[{"embeddable":true,"href":"https:\/\/gpv-aschheim.de\/index.php?rest_route=\/wp\/v2\/media\/750"}],"wp:attachment":[{"href":"https:\/\/gpv-aschheim.de\/index.php?rest_route=%2Fwp%2Fv2%2Fmedia&parent=746"}],"wp:term":[{"taxonomy":"category","embeddable":true,"href":"https:\/\/gpv-aschheim.de\/index.php?rest_route=%2Fwp%2Fv2%2Fcategories&post=746"},{"taxonomy":"post_tag","embeddable":true,"href":"https:\/\/gpv-aschheim.de\/index.php?rest_route=%2Fwp%2Fv2%2Ftags&post=746"}],"curies":[{"name":"wp","href":"https:\/\/api.w.org\/{rel}","templated":true}]}}