{"id":787,"date":"2023-09-30T11:01:24","date_gmt":"2023-09-30T11:01:24","guid":{"rendered":"https:\/\/gpv-aschheim.de\/?p=787"},"modified":"2023-09-30T11:18:58","modified_gmt":"2023-09-30T11:18:58","slug":"berichte-sommerfest-2023","status":"publish","type":"post","link":"https:\/\/gpv-aschheim.de\/?p=787","title":{"rendered":"Sommerfest 2023"},"content":{"rendered":"<p><em><strong>Juni 2023 \u2192<\/strong><\/em> Am 30.06.2023 fand das diesj\u00e4hrige Sommerfest des Gemeindepartnerschaftsvereins im katholischen Pfarrheim statt. Leider war das Wetter im Vorfeld sehr wechselhaft vorhergesagt, so dass wir uns entschieden, die Tische im Pfarrheim aufzubauen. <!--more-->Kurz vor 17:00 Uhr kam dann tats\u00e4chlich der letzte Schauer des Abends herunter, so dass im Vorhof doch noch einige Biertischgarnituren aufgestellt wurden. Wir durften ca 80 G\u00e4ste begr\u00fc\u00dfen, viele Komiteemitglieder, Vereinsvorsitzende anderer Aschheimer Vereine und auch unsere dritte B\u00fcrgermeisterin Marion Seitz. Unsere Grillmeister Laszlo, Christian und Franz verw\u00f6hnten die G\u00e4ste mit Gegrilltem und auch die beiden F\u00e4sser Augustiner Bier waren bald geleert. Ein besonderes Schmankerl waren die Crepes, die von Christine S\u00fc\u00dfbauer und Christine Dietrich frisch zubereitet wurden.<\/p>\n","protected":false},"excerpt":{"rendered":"<p>Juni 2023 \u2192 Am 30.06.2023 fand das diesj\u00e4hrige Sommerfest des Gemeindepartnerschaftsvereins im katholischen Pfarrheim statt. Leider war das Wetter im Vorfeld sehr wechselhaft vorhergesagt, so dass wir uns entschieden, die Tische im Pfarrheim aufzubauen.<\/p>\n","protected":false},"author":1,"featured_media":801,"comment_status":"closed","ping_status":"closed","sticky":false,"template":"","format":"standard","meta":{"footnotes":""},"categories":[10],"tags":[],"class_list":{"0":"post-787","1":"post","2":"type-post","3":"status-publish","4":"format-standard","5":"has-post-thumbnail","6":"hentry","7":"category-berichte","9":"post-with-thumbnail","10":"post-with-thumbnail-none"},"_links":{"self":[{"href":"https:\/\/gpv-aschheim.de\/index.php?rest_route=\/wp\/v2\/posts\/787","targetHints":{"allow":["GET"]}}],"collection":[{"href":"https:\/\/gpv-aschheim.de\/index.php?rest_route=\/wp\/v2\/posts"}],"about":[{"href":"https:\/\/gpv-aschheim.de\/index.php?rest_route=\/wp\/v2\/types\/post"}],"author":[{"embeddable":true,"href":"https:\/\/gpv-aschheim.de\/index.php?rest_route=\/wp\/v2\/users\/1"}],"replies":[{"embeddable":true,"href":"https:\/\/gpv-aschheim.de\/index.php?rest_route=%2Fwp%2Fv2%2Fcomments&post=787"}],"version-history":[{"count":5,"href":"https:\/\/gpv-aschheim.de\/index.php?rest_route=\/wp\/v2\/posts\/787\/revisions"}],"predecessor-version":[{"id":794,"href":"https:\/\/gpv-aschheim.de\/index.php?rest_route=\/wp\/v2\/posts\/787\/revisions\/794"}],"wp:featuredmedia":[{"embeddable":true,"href":"https:\/\/gpv-aschheim.de\/index.php?rest_route=\/wp\/v2\/media\/801"}],"wp:attachment":[{"href":"https:\/\/gpv-aschheim.de\/index.php?rest_route=%2Fwp%2Fv2%2Fmedia&parent=787"}],"wp:term":[{"taxonomy":"category","embeddable":true,"href":"https:\/\/gpv-aschheim.de\/index.php?rest_route=%2Fwp%2Fv2%2Fcategories&post=787"},{"taxonomy":"post_tag","embeddable":true,"href":"https:\/\/gpv-aschheim.de\/index.php?rest_route=%2Fwp%2Fv2%2Ftags&post=787"}],"curies":[{"name":"wp","href":"https:\/\/api.w.org\/{rel}","templated":true}]}}