{"id":869,"date":"2023-10-01T08:51:15","date_gmt":"2023-10-01T08:51:15","guid":{"rendered":"https:\/\/gpv-aschheim.de\/?p=869"},"modified":"2023-10-01T10:18:47","modified_gmt":"2023-10-01T10:18:47","slug":"besuch-zum-oktoberfest-von-alten-freunden","status":"publish","type":"post","link":"https:\/\/gpv-aschheim.de\/?p=869","title":{"rendered":"Besuch zum Oktoberfest von alten Freunden"},"content":{"rendered":"\n<p><em><strong>22. &#8211; 25.09.2023 \u2192<\/strong><\/em> Zum mittleren Wiesnwochenende bekamen wir Besuch von langj\u00e4hrigen Freunden. Unter den G\u00e4sten war der  ehemalige B\u00fcrgermeister Jind\u0159ich Kocour mit Frau aus Kotvrdovice, aus Jedovnice kam der ehemalige Komissionsprecher &nbsp;Ale\u0161 Kleinbauer mit seiner Frau Renata. 6 weitere Freunde vervollst\u00e4ndigten die Gruppe.<br><br><\/p>\n\n\n\n<!--more-->\n\n\n\n<p>Am Freitagabend begr\u00fc\u00dften wir unsere Freunde im Partnerschaftshaus mit einem Grillabend, an dem auch zahlreiche Komiteemitglieder teilnahmen. Wir hatten uns lange nicht gesehen und so gab es viel zu erz\u00e4hlen.<br>Am Samstagvormittag besuchten wir das Oktoberfest zu einem Wiesnbummel. Milan konnte beim Fotoschie\u00dfen seine Treffsicherheit beweisen. Nach einer Ma\u00df im Biergarten des Augustiner Zeltes ging es nachmittags wieder zur\u00fcck nach Aschheim. Den Tag lie\u00dfen wir im Golf Restaurant bei einem guten Essen ausklingen.<br><br><\/p>\n\n\n\n<figure class=\"wp-block-image size-large\"><img loading=\"lazy\" decoding=\"async\" width=\"1920\" height=\"1430\" src=\"https:\/\/gpv-aschheim.de\/wp-content\/uploads\/2023\/10\/Fotoschiessen-1920x1430.jpg\" alt=\"\" class=\"wp-image-879\" srcset=\"https:\/\/gpv-aschheim.de\/wp-content\/uploads\/2023\/10\/Fotoschiessen-1920x1430.jpg 1920w, https:\/\/gpv-aschheim.de\/wp-content\/uploads\/2023\/10\/Fotoschiessen-800x596.jpg 800w, https:\/\/gpv-aschheim.de\/wp-content\/uploads\/2023\/10\/Fotoschiessen-768x572.jpg 768w, https:\/\/gpv-aschheim.de\/wp-content\/uploads\/2023\/10\/Fotoschiessen-1536x1144.jpg 1536w, https:\/\/gpv-aschheim.de\/wp-content\/uploads\/2023\/10\/Fotoschiessen-2048x1525.jpg 2048w\" sizes=\"auto, (max-width: 1920px) 100vw, 1920px\" \/><\/figure>\n\n\n\n<p>Leider verlie\u00df uns am Sonntag nach dem Fr\u00fchst\u00fcck bereits wieder ein Teil der Gruppe , da sie am Montag wieder arbeiten mussten. Mit dem Rest der Gruppe machten wir einen ausf\u00fchrlichen Rundgang durch die Innenstadt, wobei sich Franz wieder einmal als Stadtf\u00fchrer bew\u00e4hren konnte. P\u00fcnktlich um 17:00 Uhr nahmen wir dann im Augustiner Zelt unseren reservierten Tisch ein und verbrachten einen sch\u00f6nen Abend in fr\u00f6hlicher Runde. Ein Highlight war dann noch die Heimfahrt mit der U-Bahn. Nur zur Wiesnzeit erlebt man einen U-Bahn Waggon in dem alle Passagiere , egal welche Nation, ob jung oder alt voller Inbrunst zusammen die Wiesnhits schmettern. <br>Am Montag hie\u00df es dann schweren Herzens schon wieder Abschied nehmen. <\/p>\n","protected":false},"excerpt":{"rendered":"<p>22. &#8211; 25.09.2023 \u2192 Zum mittleren Wiesnwochenende bekamen wir Besuch von langj\u00e4hrigen Freunden. Unter den G\u00e4sten war der ehemalige B\u00fcrgermeister Jind\u0159ich Kocour mit Frau aus Kotvrdovice, aus Jedovnice kam der ehemalige Komissionsprecher &nbsp;Ale\u0161 Kleinbauer mit seiner Frau Renata. 6 weitere Freunde vervollst\u00e4ndigten die Gruppe.<\/p>\n","protected":false},"author":1,"featured_media":914,"comment_status":"closed","ping_status":"closed","sticky":false,"template":"","format":"standard","meta":{"footnotes":""},"categories":[8],"tags":[],"class_list":{"0":"post-869","1":"post","2":"type-post","3":"status-publish","4":"format-standard","5":"has-post-thumbnail","6":"hentry","7":"category-jedovnice-kotvrdovice","9":"post-with-thumbnail","10":"post-with-thumbnail-none"},"_links":{"self":[{"href":"https:\/\/gpv-aschheim.de\/index.php?rest_route=\/wp\/v2\/posts\/869","targetHints":{"allow":["GET"]}}],"collection":[{"href":"https:\/\/gpv-aschheim.de\/index.php?rest_route=\/wp\/v2\/posts"}],"about":[{"href":"https:\/\/gpv-aschheim.de\/index.php?rest_route=\/wp\/v2\/types\/post"}],"author":[{"embeddable":true,"href":"https:\/\/gpv-aschheim.de\/index.php?rest_route=\/wp\/v2\/users\/1"}],"replies":[{"embeddable":true,"href":"https:\/\/gpv-aschheim.de\/index.php?rest_route=%2Fwp%2Fv2%2Fcomments&post=869"}],"version-history":[{"count":2,"href":"https:\/\/gpv-aschheim.de\/index.php?rest_route=\/wp\/v2\/posts\/869\/revisions"}],"predecessor-version":[{"id":889,"href":"https:\/\/gpv-aschheim.de\/index.php?rest_route=\/wp\/v2\/posts\/869\/revisions\/889"}],"wp:featuredmedia":[{"embeddable":true,"href":"https:\/\/gpv-aschheim.de\/index.php?rest_route=\/wp\/v2\/media\/914"}],"wp:attachment":[{"href":"https:\/\/gpv-aschheim.de\/index.php?rest_route=%2Fwp%2Fv2%2Fmedia&parent=869"}],"wp:term":[{"taxonomy":"category","embeddable":true,"href":"https:\/\/gpv-aschheim.de\/index.php?rest_route=%2Fwp%2Fv2%2Fcategories&post=869"},{"taxonomy":"post_tag","embeddable":true,"href":"https:\/\/gpv-aschheim.de\/index.php?rest_route=%2Fwp%2Fv2%2Ftags&post=869"}],"curies":[{"name":"wp","href":"https:\/\/api.w.org\/{rel}","templated":true}]}}