{"id":907,"date":"2023-10-01T10:08:53","date_gmt":"2023-10-01T10:08:53","guid":{"rendered":"https:\/\/gpv-aschheim.de\/?p=907"},"modified":"2024-01-06T15:15:39","modified_gmt":"2024-01-06T15:15:39","slug":"unser-neuer-sprinter","status":"publish","type":"post","link":"https:\/\/gpv-aschheim.de\/?p=907","title":{"rendered":"Unser neuer Sprinter"},"content":{"rendered":"<p><em><strong>September 2023 \u2192 <\/strong><\/em>Wir sagen DANKE!<br \/>\nAm 05. September 2023 \u00fcbergab der 2. B\u00fcrgermeister Robert Ertl im Namen der Gemeinde Aschheim dem Gemeindepartnerschaftsverein den gemeindlichen Mercedes Vito Sprinter. <!--more--><\/p>\n<p>In der Vergangenheit haben wir dieses Auto bereits oft benutzen d\u00fcrfen, nun hat sich die Gemeinde entschieden uns das Auto zu \u00fcbergeben. Wir freuen uns sehr nun wieder ein zweites verl\u00e4ssliches Fahrzeug zur Verf\u00fcgung zu haben. Unseren, schon in die Jahre gekommen Hyundai konnten wir somit endlich verkaufen. Wie auch unser anderes Fahrzeug, den VW Caravelle, stellen wir den Vito gerne auch anderen ortsans\u00e4ssigen Vereinen zur Benutzung zur Verf\u00fcgung. An Privatpersonen ist eine Ausleihe leider nicht m\u00f6glich.<\/p>\n","protected":false},"excerpt":{"rendered":"<p>September 2023 \u2192 Wir sagen DANKE! Am 05. September 2023 \u00fcbergab der 2. B\u00fcrgermeister Robert Ertl im Namen der Gemeinde Aschheim dem Gemeindepartnerschaftsverein den gemeindlichen Mercedes Vito Sprinter.<\/p>\n","protected":false},"author":1,"featured_media":912,"comment_status":"closed","ping_status":"closed","sticky":false,"template":"","format":"standard","meta":{"footnotes":""},"categories":[10,5],"tags":[],"class_list":{"0":"post-907","1":"post","2":"type-post","3":"status-publish","4":"format-standard","5":"has-post-thumbnail","6":"hentry","7":"category-berichte","8":"category-featured","10":"post-with-thumbnail","11":"post-with-thumbnail-none"},"_links":{"self":[{"href":"https:\/\/gpv-aschheim.de\/index.php?rest_route=\/wp\/v2\/posts\/907","targetHints":{"allow":["GET"]}}],"collection":[{"href":"https:\/\/gpv-aschheim.de\/index.php?rest_route=\/wp\/v2\/posts"}],"about":[{"href":"https:\/\/gpv-aschheim.de\/index.php?rest_route=\/wp\/v2\/types\/post"}],"author":[{"embeddable":true,"href":"https:\/\/gpv-aschheim.de\/index.php?rest_route=\/wp\/v2\/users\/1"}],"replies":[{"embeddable":true,"href":"https:\/\/gpv-aschheim.de\/index.php?rest_route=%2Fwp%2Fv2%2Fcomments&post=907"}],"version-history":[{"count":3,"href":"https:\/\/gpv-aschheim.de\/index.php?rest_route=\/wp\/v2\/posts\/907\/revisions"}],"predecessor-version":[{"id":920,"href":"https:\/\/gpv-aschheim.de\/index.php?rest_route=\/wp\/v2\/posts\/907\/revisions\/920"}],"wp:featuredmedia":[{"embeddable":true,"href":"https:\/\/gpv-aschheim.de\/index.php?rest_route=\/wp\/v2\/media\/912"}],"wp:attachment":[{"href":"https:\/\/gpv-aschheim.de\/index.php?rest_route=%2Fwp%2Fv2%2Fmedia&parent=907"}],"wp:term":[{"taxonomy":"category","embeddable":true,"href":"https:\/\/gpv-aschheim.de\/index.php?rest_route=%2Fwp%2Fv2%2Fcategories&post=907"},{"taxonomy":"post_tag","embeddable":true,"href":"https:\/\/gpv-aschheim.de\/index.php?rest_route=%2Fwp%2Fv2%2Ftags&post=907"}],"curies":[{"name":"wp","href":"https:\/\/api.w.org\/{rel}","templated":true}]}}